{"id":1112,"date":"2021-11-01T20:34:06","date_gmt":"2021-11-01T18:34:06","guid":{"rendered":"http:\/\/kleinloks.axel-klatt.de\/?p=1112"},"modified":"2022-12-28T22:24:55","modified_gmt":"2022-12-28T20:24:55","slug":"gastgalerie-lkm-251124","status":"publish","type":"post","link":"https:\/\/kleinloks.de\/?p=1112","title":{"rendered":"Gastgalerie: LKM 251124"},"content":{"rendered":"\n<p>Andreas Schendera hat im Lokschuppen in Pasewalk die LKM <a href=\"https:\/\/www.rangierdiesel.de\/index.php?nav=1402333&amp;id=65013&amp;action=portrait\">251124<\/a> der Kommunalgemeinschaft Europaregion POMERANIA e. V., L\u00f6cknitz angetroffen, fotografiert und &#8230;<\/p>\n\n\n\n<figure class=\"wp-block-image size-large\"><img loading=\"lazy\" decoding=\"async\" width=\"1280\" height=\"960\" src=\"http:\/\/kleinloks.axel-klatt.de\/wp-content\/uploads\/251124cWeb.jpg\" alt=\"\" class=\"wp-image-1114\" srcset=\"https:\/\/kleinloks.de\/wp-content\/uploads\/251124cWeb.jpg 1280w, https:\/\/kleinloks.de\/wp-content\/uploads\/251124cWeb-800x600.jpg 800w, https:\/\/kleinloks.de\/wp-content\/uploads\/251124cWeb-768x576.jpg 768w\" sizes=\"auto, (max-width: 767px) 89vw, (max-width: 1000px) 54vw, (max-width: 1071px) 543px, 580px\" \/><\/figure>\n\n\n\n<figure class=\"wp-block-image size-large\"><img loading=\"lazy\" decoding=\"async\" width=\"1280\" height=\"960\" src=\"http:\/\/kleinloks.axel-klatt.de\/wp-content\/uploads\/251124aWeb.jpg\" alt=\"\" class=\"wp-image-1113\" srcset=\"https:\/\/kleinloks.de\/wp-content\/uploads\/251124aWeb.jpg 1280w, https:\/\/kleinloks.de\/wp-content\/uploads\/251124aWeb-800x600.jpg 800w, https:\/\/kleinloks.de\/wp-content\/uploads\/251124aWeb-768x576.jpg 768w\" sizes=\"auto, (max-width: 767px) 89vw, (max-width: 1000px) 54vw, (max-width: 1071px) 543px, 580px\" \/><\/figure>\n\n\n\n<figure class=\"wp-block-image size-large\"><img loading=\"lazy\" decoding=\"async\" width=\"1280\" height=\"960\" src=\"http:\/\/kleinloks.axel-klatt.de\/wp-content\/uploads\/251124bWeb.jpg\" alt=\"\" class=\"wp-image-1115\" srcset=\"https:\/\/kleinloks.de\/wp-content\/uploads\/251124bWeb.jpg 1280w, https:\/\/kleinloks.de\/wp-content\/uploads\/251124bWeb-800x600.jpg 800w, https:\/\/kleinloks.de\/wp-content\/uploads\/251124bWeb-768x576.jpg 768w\" sizes=\"auto, (max-width: 767px) 89vw, (max-width: 1000px) 54vw, (max-width: 1071px) 543px, 580px\" \/><\/figure>\n\n\n\n<p>&#8230; gleich im Ma\u00dfstab 1:160 auf Basis einer Arnold K\u00f6f nachgebaut ! <\/p>\n\n\n\n<p>Was f\u00fcr ein geiles Projekt Andreas: <a rel=\"noreferrer noopener\" href=\"https:\/\/www.herimo.de\/forum\/viewtopic.php?p=8303#p8303\" target=\"_blank\">https:\/\/www.herimo.de\/forum\/viewtopic.php?p=8303#p8303<\/a><\/p>\n\n\n\n<p>Wer noch mehr K\u00f6\/K\u00f6f Unikate sehen will, dem sei dieser Beitrag empfohlen: <a href=\"https:\/\/www.herimo.de\/forum\/viewtopic.php?f=6&amp;t=414\">https:\/\/www.herimo.de\/forum\/viewtopic.php?f=6&amp;t=414<\/a><\/p>\n\n\n\n<hr class=\"wp-block-separator has-alpha-channel-opacity\"\/>\n\n\n\n<p>Und im Dezember 2022 haben sich das 1 : 1 Original und das Spur-N 1 : 160 Modell zum ersten Mal getroffen:<\/p>\n\n\n\n<figure class=\"wp-block-image size-large\"><a href=\"https:\/\/www.herimo.de\/forum\/viewtopic.php?p=11463#p11463\" target=\"_blank\" rel=\"noreferrer noopener\"><img loading=\"lazy\" decoding=\"async\" width=\"1280\" height=\"658\" src=\"https:\/\/kleinloks.de\/wp-content\/uploads\/KnZXmBkd0sV80VpY-1280x658.png\" alt=\"\" class=\"wp-image-1376\" srcset=\"https:\/\/kleinloks.de\/wp-content\/uploads\/KnZXmBkd0sV80VpY-1280x658.png 1280w, https:\/\/kleinloks.de\/wp-content\/uploads\/KnZXmBkd0sV80VpY-800x412.png 800w, https:\/\/kleinloks.de\/wp-content\/uploads\/KnZXmBkd0sV80VpY-768x395.png 768w, https:\/\/kleinloks.de\/wp-content\/uploads\/KnZXmBkd0sV80VpY.png 1460w\" sizes=\"auto, (max-width: 767px) 89vw, (max-width: 1000px) 54vw, (max-width: 1071px) 543px, 580px\" \/><\/a><\/figure>\n","protected":false},"excerpt":{"rendered":"<p>Andreas Schendera hat im Lokschuppen in Pasewalk die LKM 251124 der Kommunalgemeinschaft Europaregion POMERANIA e. V., L\u00f6cknitz angetroffen, fotografiert und &#8230; &#8230; gleich im Ma\u00dfstab 1:160 auf Basis einer Arnold K\u00f6f nachgebaut ! Was f\u00fcr ein geiles Projekt Andreas: https:\/\/www.herimo.de\/forum\/viewtopic.php?p=8303#p8303 Wer noch mehr K\u00f6\/K\u00f6f Unikate sehen will, dem sei dieser Beitrag empfohlen: https:\/\/www.herimo.de\/forum\/viewtopic.php?f=6&amp;t=414 Und im &hellip; <\/p>\n<p class=\"link-more\"><a href=\"https:\/\/kleinloks.de\/?p=1112\" class=\"more-link\"><span class=\"screen-reader-text\">\u201eGastgalerie: LKM 251124\u201c <\/span>weiterlesen<\/a><\/p>\n","protected":false},"author":1,"featured_media":0,"comment_status":"open","ping_status":"open","sticky":false,"template":"","format":"standard","meta":{"footnotes":""},"categories":[4,98,32],"tags":[84,37],"class_list":["post-1112","post","type-post","status-publish","format-standard","hentry","category-lkm-n4","category-modell","category-museumsbahn","tag-gaestegalerie","tag-n4"],"_links":{"self":[{"href":"https:\/\/kleinloks.de\/index.php?rest_route=\/wp\/v2\/posts\/1112","targetHints":{"allow":["GET"]}}],"collection":[{"href":"https:\/\/kleinloks.de\/index.php?rest_route=\/wp\/v2\/posts"}],"about":[{"href":"https:\/\/kleinloks.de\/index.php?rest_route=\/wp\/v2\/types\/post"}],"author":[{"embeddable":true,"href":"https:\/\/kleinloks.de\/index.php?rest_route=\/wp\/v2\/users\/1"}],"replies":[{"embeddable":true,"href":"https:\/\/kleinloks.de\/index.php?rest_route=%2Fwp%2Fv2%2Fcomments&post=1112"}],"version-history":[{"count":4,"href":"https:\/\/kleinloks.de\/index.php?rest_route=\/wp\/v2\/posts\/1112\/revisions"}],"predecessor-version":[{"id":1379,"href":"https:\/\/kleinloks.de\/index.php?rest_route=\/wp\/v2\/posts\/1112\/revisions\/1379"}],"wp:attachment":[{"href":"https:\/\/kleinloks.de\/index.php?rest_route=%2Fwp%2Fv2%2Fmedia&parent=1112"}],"wp:term":[{"taxonomy":"category","embeddable":true,"href":"https:\/\/kleinloks.de\/index.php?rest_route=%2Fwp%2Fv2%2Fcategories&post=1112"},{"taxonomy":"post_tag","embeddable":true,"href":"https:\/\/kleinloks.de\/index.php?rest_route=%2Fwp%2Fv2%2Ftags&post=1112"}],"curies":[{"name":"wp","href":"https:\/\/api.w.org\/{rel}","templated":true}]}}