{"id":1606,"date":"2025-05-25T09:40:01","date_gmt":"2025-05-25T07:40:01","guid":{"rendered":"https:\/\/kleinloks.de\/?p=1606"},"modified":"2026-02-16T22:43:01","modified_gmt":"2026-02-16T20:43:01","slug":"news-koef-iii-im-eisenbahnmuseum-dieringhausen","status":"publish","type":"post","link":"https:\/\/kleinloks.de\/?p=1606","title":{"rendered":"News: K\u00f6f III (335 175) im Eisenbahnmuseum Dieringhausen"},"content":{"rendered":"\n<p>Am 3. Mai 2025 traf ich diese mir im Moment unbekannte K\u00f6f III im Eisenbahnmuseum Dieringhausen an.<\/p>\n\n\n\n<p>(Update 01.01.2026) <s>Infos um welches Lok es sich handelt werden gerne entgegen genommen !<\/s> Ein Besucher meiner Website hat mir mitgeteilt das es <a href=\"tel:335175\">335 175<\/a> sein soll.<\/p>\n\n\n\n<p>Ein Vergleich mit diesem <a href=\"https:\/\/www.deutsche-kleinloks.de\/index.php?nav=1406157&amp;lang=1&amp;file=ok_26484_52&amp;action=image&amp;position=1\">Bild<\/a> scheint das zu best\u00e4tigen (Rangierkupplung und kleine wei\u00dfe Beschriftung unterhalb des neu \u00fcberstrichenen Feldes unter dem Seitenfenster)<\/p>\n\n\n\n<figure class=\"wp-block-image size-full\"><a href=\"https:\/\/kleinloks.de\/wp-content\/uploads\/Koef3DieringhausenWeb-1.jpg\"><img loading=\"lazy\" decoding=\"async\" width=\"1280\" height=\"960\" src=\"https:\/\/kleinloks.de\/wp-content\/uploads\/Koef3DieringhausenWeb-1.jpg\" alt=\"\" class=\"wp-image-1608\" srcset=\"https:\/\/kleinloks.de\/wp-content\/uploads\/Koef3DieringhausenWeb-1.jpg 1280w, https:\/\/kleinloks.de\/wp-content\/uploads\/Koef3DieringhausenWeb-1-800x600.jpg 800w, https:\/\/kleinloks.de\/wp-content\/uploads\/Koef3DieringhausenWeb-1-768x576.jpg 768w\" sizes=\"auto, (max-width: 767px) 89vw, (max-width: 1000px) 54vw, (max-width: 1071px) 543px, 580px\" \/><\/a><\/figure>\n\n\n\n<p>Diese Aufnahme w\u00e4hrend des Umlackierens wurde mir freundlicherweise zur Verf\u00fcgung gestellt:<\/p>\n\n\n\n<figure class=\"wp-block-image size-full\"><a href=\"https:\/\/kleinloks.de\/wp-content\/uploads\/335175.Fassbender.jpg\"><img loading=\"lazy\" decoding=\"async\" width=\"1280\" height=\"960\" src=\"https:\/\/kleinloks.de\/wp-content\/uploads\/335175.Fassbender.jpg\" alt=\"\" class=\"wp-image-1765\" srcset=\"https:\/\/kleinloks.de\/wp-content\/uploads\/335175.Fassbender.jpg 1280w, https:\/\/kleinloks.de\/wp-content\/uploads\/335175.Fassbender-800x600.jpg 800w, https:\/\/kleinloks.de\/wp-content\/uploads\/335175.Fassbender-768x576.jpg 768w\" sizes=\"auto, (max-width: 767px) 89vw, (max-width: 1000px) 54vw, (max-width: 1071px) 543px, 580px\" \/><\/a><\/figure>\n\n\n\n<hr class=\"wp-block-separator has-alpha-channel-opacity\"\/>\n\n\n\n<p>Und hier der Beweis, die Lok wurde inzwischen im Oktober 2025 wieder in Epoche III zur\u00fcckversetzt:<\/p>\n\n\n\n<p><a href=\"https:\/\/www.stummiforum.de\/t141915f20-RE-Betriebsfaehige-Bundesbahn-Loks-in-alten-Farben-9.html#msg2862207\">https:\/\/www.stummiforum.de\/t141915f20-RE-Betriebsfaehige-Bundesbahn-Loks-in-alten-Farben-9.html#msg2862207<\/a><\/p>\n","protected":false},"excerpt":{"rendered":"<p>Am 3. Mai 2025 traf ich diese mir im Moment unbekannte K\u00f6f III im Eisenbahnmuseum Dieringhausen an. (Update 01.01.2026) Infos um welches Lok es sich handelt werden gerne entgegen genommen ! Ein Besucher meiner Website hat mir mitgeteilt das es 335 175 sein soll. Ein Vergleich mit diesem Bild scheint das zu best\u00e4tigen (Rangierkupplung und &hellip; <\/p>\n<p class=\"link-more\"><a href=\"https:\/\/kleinloks.de\/?p=1606\" class=\"more-link\"><span class=\"screen-reader-text\">\u201eNews: K\u00f6f III (335 175) im Eisenbahnmuseum Dieringhausen\u201c <\/span>weiterlesen<\/a><\/p>\n","protected":false},"author":1,"featured_media":0,"comment_status":"open","ping_status":"open","sticky":false,"template":"","format":"standard","meta":{"footnotes":""},"categories":[67,32],"tags":[115],"class_list":["post-1606","post","type-post","status-publish","format-standard","hentry","category-koef-iii","category-museumsbahn","tag-dieringhausen"],"_links":{"self":[{"href":"https:\/\/kleinloks.de\/index.php?rest_route=\/wp\/v2\/posts\/1606","targetHints":{"allow":["GET"]}}],"collection":[{"href":"https:\/\/kleinloks.de\/index.php?rest_route=\/wp\/v2\/posts"}],"about":[{"href":"https:\/\/kleinloks.de\/index.php?rest_route=\/wp\/v2\/types\/post"}],"author":[{"embeddable":true,"href":"https:\/\/kleinloks.de\/index.php?rest_route=\/wp\/v2\/users\/1"}],"replies":[{"embeddable":true,"href":"https:\/\/kleinloks.de\/index.php?rest_route=%2Fwp%2Fv2%2Fcomments&post=1606"}],"version-history":[{"count":8,"href":"https:\/\/kleinloks.de\/index.php?rest_route=\/wp\/v2\/posts\/1606\/revisions"}],"predecessor-version":[{"id":1766,"href":"https:\/\/kleinloks.de\/index.php?rest_route=\/wp\/v2\/posts\/1606\/revisions\/1766"}],"wp:attachment":[{"href":"https:\/\/kleinloks.de\/index.php?rest_route=%2Fwp%2Fv2%2Fmedia&parent=1606"}],"wp:term":[{"taxonomy":"category","embeddable":true,"href":"https:\/\/kleinloks.de\/index.php?rest_route=%2Fwp%2Fv2%2Fcategories&post=1606"},{"taxonomy":"post_tag","embeddable":true,"href":"https:\/\/kleinloks.de\/index.php?rest_route=%2Fwp%2Fv2%2Ftags&post=1606"}],"curies":[{"name":"wp","href":"https:\/\/api.w.org\/{rel}","templated":true}]}}