{"id":279,"date":"2018-01-22T21:54:49","date_gmt":"2018-01-22T21:54:49","guid":{"rendered":"http:\/\/kleinloks.axel-klatt.de\/?p=279"},"modified":"2018-01-24T20:23:45","modified_gmt":"2018-01-24T20:23:45","slug":"galerie-310-117-in-sw","status":"publish","type":"post","link":"https:\/\/kleinloks.de\/?p=279","title":{"rendered":"Galerie: 310 117 in SW"},"content":{"rendered":"<p>Hier stiehlt die gro\u00dfe Lok aus sowjetischer Produktion (232 ???) am 31. Januar 1994 in Uhlst\u00e4dt (Saale) gleich der <a href=\"http:\/\/www.deutsche-kleinloks.de\/index.php?nav=1406157&amp;id=2900&amp;action=portrait\">310 117<\/a> die Show:<\/p>\n<p><img loading=\"lazy\" decoding=\"async\" class=\"aligncenter size-full wp-image-280\" src=\"http:\/\/kleinloks.axel-klatt.de\/wp-content\/uploads\/310117SWweb.jpg\" alt=\"\" width=\"1024\" height=\"616\" srcset=\"https:\/\/kleinloks.de\/wp-content\/uploads\/310117SWweb.jpg 1024w, https:\/\/kleinloks.de\/wp-content\/uploads\/310117SWweb-300x180.jpg 300w, https:\/\/kleinloks.de\/wp-content\/uploads\/310117SWweb-768x462.jpg 768w\" sizes=\"auto, (max-width: 767px) 89vw, (max-width: 1000px) 54vw, (max-width: 1071px) 543px, 580px\" \/><\/p>\n<p>Daf\u00fcr hatte sie dann aber in der Fotosession mit uns Minuten sp\u00e4ter unsere volle Aufmerksamkeit:<\/p>\n<p><img loading=\"lazy\" decoding=\"async\" class=\"aligncenter size-full wp-image-285\" src=\"http:\/\/kleinloks.axel-klatt.de\/wp-content\/uploads\/310117SWweb2.jpg\" alt=\"\" width=\"1024\" height=\"658\" srcset=\"https:\/\/kleinloks.de\/wp-content\/uploads\/310117SWweb2.jpg 1024w, https:\/\/kleinloks.de\/wp-content\/uploads\/310117SWweb2-300x193.jpg 300w, https:\/\/kleinloks.de\/wp-content\/uploads\/310117SWweb2-768x494.jpg 768w\" sizes=\"auto, (max-width: 767px) 89vw, (max-width: 1000px) 54vw, (max-width: 1071px) 543px, 580px\" \/><\/p>\n<p><img loading=\"lazy\" decoding=\"async\" class=\"aligncenter size-full wp-image-286\" src=\"http:\/\/kleinloks.axel-klatt.de\/wp-content\/uploads\/310117SWweb3.jpg\" alt=\"\" width=\"1024\" height=\"667\" srcset=\"https:\/\/kleinloks.de\/wp-content\/uploads\/310117SWweb3.jpg 1024w, https:\/\/kleinloks.de\/wp-content\/uploads\/310117SWweb3-300x195.jpg 300w, https:\/\/kleinloks.de\/wp-content\/uploads\/310117SWweb3-768x500.jpg 768w\" sizes=\"auto, (max-width: 767px) 89vw, (max-width: 1000px) 54vw, (max-width: 1071px) 543px, 580px\" \/><\/p>\n<p>&nbsp;<\/p>\n","protected":false},"excerpt":{"rendered":"<p>Hier stiehlt die gro\u00dfe Lok aus sowjetischer Produktion (232 ???) am 31. Januar 1994 in Uhlst\u00e4dt (Saale) gleich der 310 117 die Show: Daf\u00fcr hatte sie dann aber in der Fotosession mit uns Minuten sp\u00e4ter unsere volle Aufmerksamkeit: &nbsp;<\/p>\n","protected":false},"author":1,"featured_media":0,"comment_status":"open","ping_status":"open","sticky":false,"template":"","format":"standard","meta":{"footnotes":""},"categories":[40,27,41],"tags":[],"class_list":["post-279","post","type-post","status-publish","format-standard","hentry","category-dr-100","category-galerie","category-sw"],"_links":{"self":[{"href":"https:\/\/kleinloks.de\/index.php?rest_route=\/wp\/v2\/posts\/279","targetHints":{"allow":["GET"]}}],"collection":[{"href":"https:\/\/kleinloks.de\/index.php?rest_route=\/wp\/v2\/posts"}],"about":[{"href":"https:\/\/kleinloks.de\/index.php?rest_route=\/wp\/v2\/types\/post"}],"author":[{"embeddable":true,"href":"https:\/\/kleinloks.de\/index.php?rest_route=\/wp\/v2\/users\/1"}],"replies":[{"embeddable":true,"href":"https:\/\/kleinloks.de\/index.php?rest_route=%2Fwp%2Fv2%2Fcomments&post=279"}],"version-history":[{"count":4,"href":"https:\/\/kleinloks.de\/index.php?rest_route=\/wp\/v2\/posts\/279\/revisions"}],"predecessor-version":[{"id":287,"href":"https:\/\/kleinloks.de\/index.php?rest_route=\/wp\/v2\/posts\/279\/revisions\/287"}],"wp:attachment":[{"href":"https:\/\/kleinloks.de\/index.php?rest_route=%2Fwp%2Fv2%2Fmedia&parent=279"}],"wp:term":[{"taxonomy":"category","embeddable":true,"href":"https:\/\/kleinloks.de\/index.php?rest_route=%2Fwp%2Fv2%2Fcategories&post=279"},{"taxonomy":"post_tag","embeddable":true,"href":"https:\/\/kleinloks.de\/index.php?rest_route=%2Fwp%2Fv2%2Ftags&post=279"}],"curies":[{"name":"wp","href":"https:\/\/api.w.org\/{rel}","templated":true}]}}