{"id":404,"date":"2026-01-11T12:00:00","date_gmt":"2026-01-11T10:00:00","guid":{"rendered":"http:\/\/kleinloks.axel-klatt.de\/?p=404"},"modified":"2026-01-15T18:27:41","modified_gmt":"2026-01-15T16:27:41","slug":"galerie-meine-erste-koef-aufnahme-vor-32-jahren","status":"publish","type":"post","link":"https:\/\/kleinloks.de\/?p=404","title":{"rendered":"Archiv: Meine (fast) erste K\u00f6f-Aufnahme vor 39 Jahren !"},"content":{"rendered":"\n<p>(03.03.2019) Gerade wiedergefunden:<\/p>\n\n\n<div class=\"wp-block-image\">\n<figure class=\"aligncenter\"><img loading=\"lazy\" decoding=\"async\" width=\"1024\" height=\"715\" src=\"http:\/\/kleinloks.axel-klatt.de\/wp-content\/uploads\/323-860-am-27.04.1987-im-Bf.-Uslar_Axel-Klatt-web.jpg\" alt=\"\" class=\"wp-image-405\" srcset=\"https:\/\/kleinloks.de\/wp-content\/uploads\/323-860-am-27.04.1987-im-Bf.-Uslar_Axel-Klatt-web.jpg 1024w, https:\/\/kleinloks.de\/wp-content\/uploads\/323-860-am-27.04.1987-im-Bf.-Uslar_Axel-Klatt-web-300x209.jpg 300w, https:\/\/kleinloks.de\/wp-content\/uploads\/323-860-am-27.04.1987-im-Bf.-Uslar_Axel-Klatt-web-768x536.jpg 768w\" sizes=\"auto, (max-width: 767px) 89vw, (max-width: 1000px) 54vw, (max-width: 1071px) 543px, 580px\" \/><\/figure>\n<\/div>\n\n\n<p><\/p>\n\n\n\n<p class=\"has-text-align-left\"><span style=\"line-height: 26.56px; font-size: 1rem;\">D<\/span><span style=\"line-height: 26.56px; font-size: 1rem;\">ie <\/span><span style=\"line-height: 26.56px; font-size: 1rem;\">G\u00f6ttinger <\/span><span style=\"line-height: 26.56px; font-size: 1rem;\"><a href=\"https:\/\/www.deutsche-kleinloks.de\/index.php?nav=1406157&amp;id=2516&amp;action=portrait\">323 860<\/a><\/span><span style=\"line-height: 26.56px; font-size: 1rem;\">&nbsp;<\/span><span style=\"line-height: 26.56px; font-size: 1rem;\">wurde von mir&nbsp;<\/span><span style=\"line-height: 26.56px; font-size: 1rem;\">am 27. April 1987&nbsp;<\/span><span style=\"line-height: 26.56px; font-size: 1rem;\">im Bahnhof Uslar&nbsp;<\/span><span style=\"font-size: 1rem; line-height: 26.56px;\">aufgenommen<\/span><span style=\"font-size: 1rem; line-height: 1.66;\">. <\/span><\/p>\n\n\n\n<p class=\"has-text-align-left\"><span style=\"font-size: 1rem; line-height: 1.66;\">Hier war sie ein paar Wochen im Rahmen der R\u00fcckbauma\u00dfnahmen der \u00fcberaus umfangreichen Gleisanlagen eingesetzt.&nbsp;<\/span><\/p>\n\n\n\n<p class=\"has-text-align-left\"><span style=\"font-size: 1rem; line-height: 1.66;\">Die Aufnahme erfolgte mit einer &#8222;<a href=\"https:\/\/www.flickr.com\/photos\/109251577@N08\/31487394904\/in\/photostream\/\">Revue Pocket Flash 25<\/a>&#8220;&nbsp;<\/span><span style=\"font-size: 1rem; line-height: 1.66;\">auf&nbsp;<\/span><a href=\"https:\/\/de.m.wikipedia.org\/wiki\/Pocketfilm\">Pocketfilm 110<\/a><span style=\"font-size: 1rem; line-height: 1.66;\"> <\/span><span style=\"font-size: 1rem; line-height: 1.66;\">und das Farbnegativ wurde sp\u00e4ter im Schulfotolabor auf SW Papier belichtet.<\/span><\/p>\n\n\n\n<hr class=\"wp-block-separator has-alpha-channel-opacity\"\/>\n\n\n\n<p>(Update 10.01.2026) Soeben das Pocketfilm 110 Negativ wiedergefunden und schnell mal mit dem iPhone freih\u00e4ndig abfotografiert (nen vern\u00fcnftiger Scan folgt noch irgendwann):<\/p>\n\n\n\n<figure class=\"wp-block-image size-full\"><a href=\"http:\/\/kleinloks.de\/wp-content\/uploads\/323860scan.jpg\"><img loading=\"lazy\" decoding=\"async\" width=\"1280\" height=\"993\" src=\"http:\/\/kleinloks.de\/wp-content\/uploads\/323860scan.jpg\" alt=\"\" class=\"wp-image-1697\" srcset=\"https:\/\/kleinloks.de\/wp-content\/uploads\/323860scan.jpg 1280w, https:\/\/kleinloks.de\/wp-content\/uploads\/323860scan-800x621.jpg 800w, https:\/\/kleinloks.de\/wp-content\/uploads\/323860scan-768x596.jpg 768w\" sizes=\"auto, (max-width: 767px) 89vw, (max-width: 1000px) 54vw, (max-width: 1071px) 543px, 580px\" \/><\/a><\/figure>\n\n\n\n<hr class=\"wp-block-separator has-alpha-channel-opacity\"\/>\n\n\n\n<p>(Update 11.01.2026) Ok, schneller als geplant: heute mal meinen Diascanner rausgeholt und das nur 13 x 17 mm kleine Pocketfilm 110 Negativ mit 3600 dpi eingescannt &#8211; erstaunlich was aus dem Format rauszuholen ist:<\/p>\n\n\n\n<figure class=\"wp-block-image size-full\"><a href=\"https:\/\/kleinloks.de\/wp-content\/uploads\/323860_1987_Uslar3web.jpg\"><img loading=\"lazy\" decoding=\"async\" width=\"1280\" height=\"966\" src=\"https:\/\/kleinloks.de\/wp-content\/uploads\/323860_1987_Uslar3web.jpg\" alt=\"\" class=\"wp-image-1710\" srcset=\"https:\/\/kleinloks.de\/wp-content\/uploads\/323860_1987_Uslar3web.jpg 1280w, https:\/\/kleinloks.de\/wp-content\/uploads\/323860_1987_Uslar3web-800x604.jpg 800w, https:\/\/kleinloks.de\/wp-content\/uploads\/323860_1987_Uslar3web-768x580.jpg 768w\" sizes=\"auto, (max-width: 767px) 89vw, (max-width: 1000px) 54vw, (max-width: 1071px) 543px, 580px\" \/><\/a><\/figure>\n\n\n\n<p><\/p>\n\n\n\n<p><\/p>\n","protected":false},"excerpt":{"rendered":"<p>(03.03.2019) Gerade wiedergefunden: Die G\u00f6ttinger 323 860&nbsp;wurde von mir&nbsp;am 27. April 1987&nbsp;im Bahnhof Uslar&nbsp;aufgenommen. Hier war sie ein paar Wochen im Rahmen der R\u00fcckbauma\u00dfnahmen der \u00fcberaus umfangreichen Gleisanlagen eingesetzt.&nbsp; Die Aufnahme erfolgte mit einer &#8222;Revue Pocket Flash 25&#8220;&nbsp;auf&nbsp;Pocketfilm 110 und das Farbnegativ wurde sp\u00e4ter im Schulfotolabor auf SW Papier belichtet. (Update 10.01.2026) Soeben das Pocketfilm &hellip; <\/p>\n<p class=\"link-more\"><a href=\"https:\/\/kleinloks.de\/?p=404\" class=\"more-link\"><span class=\"screen-reader-text\">\u201eArchiv: Meine (fast) erste K\u00f6f-Aufnahme vor 39 Jahren !\u201c <\/span>weiterlesen<\/a><\/p>\n","protected":false},"author":1,"featured_media":0,"comment_status":"open","ping_status":"open","sticky":false,"template":"","format":"standard","meta":{"footnotes":""},"categories":[2,21,13],"tags":[123,122,80],"class_list":["post-404","post","type-post","status-publish","format-standard","hentry","category-2","category-archiv","category-koef-ii","tag-negativ","tag-sollingbahn","tag-uslar"],"_links":{"self":[{"href":"https:\/\/kleinloks.de\/index.php?rest_route=\/wp\/v2\/posts\/404","targetHints":{"allow":["GET"]}}],"collection":[{"href":"https:\/\/kleinloks.de\/index.php?rest_route=\/wp\/v2\/posts"}],"about":[{"href":"https:\/\/kleinloks.de\/index.php?rest_route=\/wp\/v2\/types\/post"}],"author":[{"embeddable":true,"href":"https:\/\/kleinloks.de\/index.php?rest_route=\/wp\/v2\/users\/1"}],"replies":[{"embeddable":true,"href":"https:\/\/kleinloks.de\/index.php?rest_route=%2Fwp%2Fv2%2Fcomments&post=404"}],"version-history":[{"count":21,"href":"https:\/\/kleinloks.de\/index.php?rest_route=\/wp\/v2\/posts\/404\/revisions"}],"predecessor-version":[{"id":1743,"href":"https:\/\/kleinloks.de\/index.php?rest_route=\/wp\/v2\/posts\/404\/revisions\/1743"}],"wp:attachment":[{"href":"https:\/\/kleinloks.de\/index.php?rest_route=%2Fwp%2Fv2%2Fmedia&parent=404"}],"wp:term":[{"taxonomy":"category","embeddable":true,"href":"https:\/\/kleinloks.de\/index.php?rest_route=%2Fwp%2Fv2%2Fcategories&post=404"},{"taxonomy":"post_tag","embeddable":true,"href":"https:\/\/kleinloks.de\/index.php?rest_route=%2Fwp%2Fv2%2Ftags&post=404"}],"curies":[{"name":"wp","href":"https:\/\/api.w.org\/{rel}","templated":true}]}}